{"id":1318,"date":"2026-08-10T06:29:07","date_gmt":"2026-08-10T06:29:07","guid":{"rendered":"https:\/\/www.parrocchiasantaeufemia.it\/sito\/?p=1318"},"modified":"2026-08-10T06:29:07","modified_gmt":"2026-08-10T06:29:07","slug":"bollettino-29-2026","status":"publish","type":"post","link":"https:\/\/www.parrocchiasantaeufemia.it\/sito\/2026\/08\/10\/bollettino-29-2026\/","title":{"rendered":"Bollettino 29 &#8211; 2026"},"content":{"rendered":"<p><div class=\"fusion-fullwidth fullwidth-box fusion-builder-row-1 fusion-flex-container has-pattern-background has-mask-background nonhundred-percent-fullwidth non-hundred-percent-height-scrolling\" style=\"--awb-border-radius-top-left:0px;--awb-border-radius-top-right:0px;--awb-border-radius-bottom-right:0px;--awb-border-radius-bottom-left:0px;--awb-padding-top:20px;--awb-padding-right:20px;--awb-padding-bottom:20px;--awb-padding-left:20px;--awb-background-color:var(--awb-color1);--awb-flex-wrap:wrap;\" ><div class=\"fusion-builder-row fusion-row fusion-flex-align-items-flex-start fusion-flex-content-wrap\" style=\"max-width:1248px;margin-left: calc(-4% \/ 2 );margin-right: calc(-4% \/ 2 );\"><div class=\"fusion-layout-column fusion_builder_column fusion-builder-column-0 fusion_builder_column_1_1 1_1 fusion-flex-column\" style=\"--awb-bg-size:cover;--awb-width-large:100%;--awb-margin-top-large:0px;--awb-spacing-right-large:1.92%;--awb-margin-bottom-large:0px;--awb-spacing-left-large:1.92%;--awb-width-medium:100%;--awb-spacing-right-medium:1.92%;--awb-spacing-left-medium:1.92%;--awb-width-small:100%;--awb-spacing-right-small:1.92%;--awb-spacing-left-small:1.92%;\"><div class=\"fusion-column-wrapper fusion-flex-justify-content-flex-start fusion-content-layout-column\"><div class=\"fusion-text fusion-text-1\"><h1>Vangelo della domenica 9 agosto<\/h1>\n<h3>Dal vangelo di Matteo\u00a0 (14, 22-33)<\/h3>\n<p><em>Dopo che la folla ebbe mangiato, subito Ges\u00f9 costrinse i discepoli a salire sulla barca e a precederlo sull'altra riva, finch\u00e9 non avesse congedato la folla. Congedata la folla, sal\u00ec sul monte, in disparte, a pregare. Venuta la sera, egli se ne stava lass\u00f9, da solo. La barca intanto distava gi\u00e0 molte miglia da terra ed era agitata dalle onde: il vento infatti era contrario. Sul finire della notte egli and\u00f2 verso di loro camminando sul mare. Vedendolo camminare sul mare, i discepoli furono sconvolti e dissero: \u00ab\u00c8 un fantasma!\u00bb e gridarono dalla paura. Ma subito Ges\u00f9 parl\u00f2 loro dicendo: \u00abCoraggio, sono io, non abbiate paura!\u00bb. Pietro allora gli rispose: \u00abSignore, se sei tu, comandami di venire verso di te sulle acque\u00bb. Ed egli disse: \u00abVieni!\u00bb. Pietro scese dalla barca, si mise a camminare sulle acque e and\u00f2 verso Ges\u00f9. Ma, vedendo che il vento era forte, s'impaur\u00ec e, cominciando ad affondare, grid\u00f2: \u00abSignore, salvami!\u00bb. E subito Ges\u00f9 tese la mano, lo afferr\u00f2 e gli disse: \u00abUomo di poca fede, perch\u00e9 hai dubitato?\u00bb.\u00a0 Appena saliti sulla barca, il vento cess\u00f2. Quelli che erano sulla barca si prostrarono davanti a lui, dicendo: \u00abDavvero tu sei Figlio di Dio!\u00bb.\u00a0<\/em><\/p>\n<\/div><div class=\"fusion-text fusion-text-2\"><h1>Vangelo della domenica 16 agosto<\/h1>\n<h3>Dal vangelo di Matteo\u00a0 (15, 21-28)<\/h3>\n<p><em>In quel tempo, partito di l\u00e0, Ges\u00f9 si ritir\u00f2 verso la zona di Tiro e di Sid\u00f2ne. Ed ecco una donna Canan\u00e8a, che veniva da quella regione, si mise a gridare: \u00abPiet\u00e0 di me, Signore, figlio di Davide! Mia figlia \u00e8 molto tormentata da un demonio\u00bb. Ma egli non le rivolse neppure una parola.<\/em><\/p>\n<p><em>Allora i suoi discepoli gli si avvicinarono e lo implorarono: \u00abEsaudiscila, perch\u00e9 ci viene dietro gridando!\u00bb. Egli rispose: \u00abNon sono stato mandato se non alle pecore perdute della casa d'Israele\u00bb.<\/em><\/p>\n<p><em>Ma quella si avvicin\u00f2 e si prostr\u00f2 dinanzi a lui, dicendo: \u00abSignore, aiutami\u00bb. Ed egli rispose: \u00abNon \u00e8 bene prendere il pane dei figli e gettarlo ai cagnolini\u00bb. \u00ab\u00c8 vero, Signore \u2013 disse la donna \u2013, eppure i cagnolini mangiano le briciole che cadono dalla tavola dei loro padroni\u00bb.<\/em><\/p>\n<p><em>Allora Ges\u00f9 le replic\u00f2: \u00abDonna, grande \u00e8 la tua fede! Avvenga per te come desideri\u00bb. E da quell'istante sua figlia fu guarita.<\/em><\/p>\n<\/div><\/div><\/div><\/div><\/div><div class=\"fusion-fullwidth fullwidth-box fusion-builder-row-2 fusion-flex-container has-pattern-background has-mask-background nonhundred-percent-fullwidth non-hundred-percent-height-scrolling\" style=\"--awb-border-radius-top-left:0px;--awb-border-radius-top-right:0px;--awb-border-radius-bottom-right:0px;--awb-border-radius-bottom-left:0px;--awb-padding-top:20px;--awb-padding-right:20px;--awb-padding-bottom:20px;--awb-padding-left:20px;--awb-background-color:var(--awb-color2);--awb-flex-wrap:wrap;\" ><div class=\"fusion-builder-row fusion-row fusion-flex-align-items-flex-start fusion-flex-content-wrap\" style=\"max-width:1248px;margin-left: calc(-4% \/ 2 );margin-right: calc(-4% \/ 2 );\"><div class=\"fusion-layout-column fusion_builder_column fusion-builder-column-1 fusion_builder_column_1_1 1_1 fusion-flex-column\" style=\"--awb-bg-size:cover;--awb-width-large:100%;--awb-margin-top-large:0px;--awb-spacing-right-large:1.92%;--awb-margin-bottom-large:20px;--awb-spacing-left-large:1.92%;--awb-width-medium:100%;--awb-order-medium:0;--awb-spacing-right-medium:1.92%;--awb-spacing-left-medium:1.92%;--awb-width-small:100%;--awb-order-small:0;--awb-spacing-right-small:1.92%;--awb-spacing-left-small:1.92%;\"><div class=\"fusion-column-wrapper fusion-column-has-shadow fusion-flex-justify-content-flex-start fusion-content-layout-column\"><div class=\"fusion-text fusion-text-3\"><h2>Vita della comunit\u00e0<\/h2>\n<p><b>15 agosto: Assunzione della B.V. Maria<\/b><\/p>\n<p>Ore 8.00: S. Messa<\/p>\n<p>Ore 18.00: Recita del s. Rosario in chiesa per\u00a0tutta la Comunit\u00e0.<\/p>\n<p>\u00a0<\/p>\n<p><i>O Maria Assunta in Cielo, tu che sei la nostra Madre e la nostra Regina, <\/i><i>guarda con amore noi tuoi figli nel cammino della vita.<\/i><\/p>\n<p><i>Tu che hai raggiunto la gloria eterna in corpo e anima, <\/i><i>insegnaci a custodire la purezza del cuore e <\/i><i>a non perdere mai la speranza nelle fatiche di ogni giorno.<\/i><\/p>\n<p><i>Quando i nostri occhi guardano il cielo, <\/i><i>ricordaci che lass\u00f9 abbiamo una casa preparata da te <\/i><i>e che la morte non \u00e8 la fine, ma l'inizio della vera vita.<\/i><\/p>\n<p><i>Accompagnaci per mano, Madre dolcissima, <\/i><i>fino al giorno in cui potremo riabbracciarti e <\/i><i>lodare insieme a te il Padre, il Figlio e lo Spirito Santo. <\/i><\/p>\n<p><i>Amen.<\/i><\/p>\n<\/div><\/div><\/div><\/div><\/div><div class=\"fusion-fullwidth fullwidth-box fusion-builder-row-3 fusion-flex-container has-pattern-background has-mask-background nonhundred-percent-fullwidth non-hundred-percent-height-scrolling\" style=\"--awb-border-radius-top-left:0px;--awb-border-radius-top-right:0px;--awb-border-radius-bottom-right:0px;--awb-border-radius-bottom-left:0px;--awb-padding-top:20px;--awb-padding-right:20px;--awb-padding-bottom:20px;--awb-padding-left:20px;--awb-background-color:var(--awb-color2);--awb-flex-wrap:wrap;\" ><div class=\"fusion-builder-row fusion-row fusion-flex-align-items-flex-start fusion-flex-content-wrap\" style=\"max-width:1248px;margin-left: calc(-4% \/ 2 );margin-right: calc(-4% \/ 2 );\"><div class=\"fusion-layout-column fusion_builder_column fusion-builder-column-2 fusion_builder_column_1_1 1_1 fusion-flex-column\" style=\"--awb-bg-size:cover;--awb-width-large:100%;--awb-margin-top-large:0px;--awb-spacing-right-large:1.92%;--awb-margin-bottom-large:20px;--awb-spacing-left-large:1.92%;--awb-width-medium:100%;--awb-order-medium:0;--awb-spacing-right-medium:1.92%;--awb-spacing-left-medium:1.92%;--awb-width-small:100%;--awb-order-small:0;--awb-spacing-right-small:1.92%;--awb-spacing-left-small:1.92%;\"><div class=\"fusion-column-wrapper fusion-column-has-shadow fusion-flex-justify-content-flex-start fusion-content-layout-column\"><div class=\"fusion-text fusion-text-4\"><h2>Corso fidanzati vicariale anno 2026\/2027<\/h2>\n<p><i>Si terr\u00e0 anche quest'anno il percorso di fede per fidanzati che desiderano prepararsi al matrimonio cristiano. Il corso \u00e8 anche per i fidanzati che desiderano fare un discernimento di coppia per decidere di sposarsi.<\/i><\/p>\n<p><b>Per iscrizioni e informazioni <\/b>chiamare Don Giovanni da marted\u00ec 1\u00b0 settembre a domenica 13 settembre 2026 (tel 0499336183 o 0495798026) dal luned\u00ec al venerd\u00ec dalle ore 9,00 alle ore 12,30.<\/p>\n<p><b>Date degli incontri, fogli di iscrizione e altre informazioni, sono disponibili alla porta della chiesa.<\/b><\/p>\n<\/div><\/div><\/div><\/div><\/div><div class=\"fusion-fullwidth fullwidth-box fusion-builder-row-4 fusion-flex-container has-pattern-background has-mask-background nonhundred-percent-fullwidth non-hundred-percent-height-scrolling\" style=\"--awb-border-radius-top-left:0px;--awb-border-radius-top-right:0px;--awb-border-radius-bottom-right:0px;--awb-border-radius-bottom-left:0px;--awb-padding-top:20px;--awb-padding-right:20px;--awb-padding-bottom:20px;--awb-padding-left:20px;--awb-background-color:var(--awb-color2);--awb-flex-wrap:wrap;\" ><div class=\"fusion-builder-row fusion-row fusion-flex-align-items-flex-start fusion-flex-content-wrap\" style=\"max-width:1248px;margin-left: calc(-4% \/ 2 );margin-right: calc(-4% \/ 2 );\"><div class=\"fusion-layout-column fusion_builder_column fusion-builder-column-3 fusion_builder_column_1_1 1_1 fusion-flex-column\" style=\"--awb-bg-size:cover;--awb-width-large:100%;--awb-margin-top-large:0px;--awb-spacing-right-large:1.92%;--awb-margin-bottom-large:20px;--awb-spacing-left-large:1.92%;--awb-width-medium:100%;--awb-order-medium:0;--awb-spacing-right-medium:1.92%;--awb-spacing-left-medium:1.92%;--awb-width-small:100%;--awb-order-small:0;--awb-spacing-right-small:1.92%;--awb-spacing-left-small:1.92%;\"><div class=\"fusion-column-wrapper fusion-column-has-shadow fusion-flex-justify-content-flex-start fusion-content-layout-column\"><div class=\"fusion-text fusion-text-5\"><h2>UN PO' DI CONTI<\/h2>\n<p>Diamo un breve <b>bilancio del mese di LUGLIO 2026<\/b>:<\/p>\n<p>\u00a0\u2013 <b>offerte<\/b> in chiesa \u20ac 1.641,42; da privati \u20ac 155; da sacramenti \u20ac 320; da lumini \u20ac 187,77; per Emergenza Venezuela s \u20ac 658,53.<\/p>\n<p>\u00a0\u2013 \u00a0 <b>spese<\/b> per liturgia \u20ac 335,20; per nuova stampante \u20ac 556,70.<\/p>\n<p><b><i>GRAZIE <\/i><\/b><b><i>A TUTTI PER la vostra generosit\u00e0!<\/i><\/b><\/p>\n<\/div><\/div><\/div><\/div><\/div><div class=\"fusion-fullwidth fullwidth-box fusion-builder-row-5 fusion-flex-container has-pattern-background has-mask-background nonhundred-percent-fullwidth non-hundred-percent-height-scrolling\" style=\"--awb-border-radius-top-left:0px;--awb-border-radius-top-right:0px;--awb-border-radius-bottom-right:0px;--awb-border-radius-bottom-left:0px;--awb-padding-top:20px;--awb-padding-right:20px;--awb-padding-bottom:20px;--awb-padding-left:20px;--awb-background-color:var(--awb-color1);--awb-flex-wrap:wrap;\" ><div class=\"fusion-builder-row fusion-row fusion-flex-align-items-flex-start fusion-flex-content-wrap\" style=\"max-width:1248px;margin-left: calc(-4% \/ 2 );margin-right: calc(-4% \/ 2 );\"><div class=\"fusion-layout-column fusion_builder_column fusion-builder-column-4 fusion_builder_column_1_1 1_1 fusion-flex-column\" style=\"--awb-bg-size:cover;--awb-width-large:100%;--awb-margin-top-large:0px;--awb-spacing-right-large:1.92%;--awb-margin-bottom-large:20px;--awb-spacing-left-large:1.92%;--awb-width-medium:100%;--awb-order-medium:0;--awb-spacing-right-medium:1.92%;--awb-spacing-left-medium:1.92%;--awb-width-small:100%;--awb-order-small:0;--awb-spacing-right-small:1.92%;--awb-spacing-left-small:1.92%;\"><div class=\"fusion-column-wrapper fusion-column-has-shadow fusion-flex-justify-content-flex-start fusion-content-layout-column\"><div class=\"fusion-text fusion-text-6\"><h2>Dal 9 al 23 agosto 2026<\/h2>\n<p><b>Domenica 9 agosto <\/b><b>19^ <\/b><b>del<\/b> <b>Tempo Ordinario<\/b><\/p>\n<p><i>Comandami di venire verso di te sulle acque<\/i><\/p>\n<p>Ore 8.00: <i>per la Parrocchia <\/i>\u2013 Def.ta Marmino Giselda \u2013 Def.ti Peron Stelvio (ann.) e Pieri Giovanna<\/p>\n<p><b>Luned\u00ec\u00a0 10 agosto <\/b><i>S<\/i><i>. Lorenzo, diacono e martire<\/i><\/p>\n<p>Ore 19.00 S. Messa a Borgoricco<\/p>\n<p><b>Marted\u00ec 11 agosto<\/b>\u00a0\u00a0 <i> S. Chiara, vergine<\/i><\/p>\n<p>Ore 19.00<b> (in cimitero)<\/b>: Def.ti Bragagnolo Francesco, d. Giuseppe e Caccin Giannina \u2013 Castaldi suor Liantonia (ann.)<\/p>\n<p><b>Mercoled\u00ec 12 agosto<\/b>\u00a0\u00a0\u00a0\u00a0<\/p>\n<p>Ore 19.00 S. Messa a Borgoricco<\/p>\n<p><b>Gioved\u00ec 13 agosto<\/b><\/p>\n<p>Ore 19.00: <i>secondo intenzione<\/i><\/p>\n<p><b>Venerd\u00ec 14 agosto <\/b><i>S. Massimiliano M. Kolbe, sacer. e martire<\/i><\/p>\n<p>Ore 19.00: Def.ti Perin Alfeo, Angela e Gastone \u2013 def.to Gasparini Sergio Tino (7\u00b0)<\/p>\n<p><b>Sabato 15 agosto<\/b> <b>Assunzione della B.V. Maria<\/b><\/p>\n<p><i>Grandi cose ha fatto per me l'Onnipotente: ha innalzato gli umili<\/i><\/p>\n<p>Ore 8.00: <i>per la Parrocchia <\/i>\u2013 Def.ti Pannella Marisca (ann.) e Bragagnolo Angelo<\/p>\n<p><b>Domenica 16 agosto <\/b><b>20^ <\/b><b>del<\/b> <b>Tempo Ordinario<\/b><\/p>\n<p><i>Donna, grande \u00e8 la tua fede! <\/i><\/p>\n<p>Ore 8.00: <i>per la Parrocchia <\/i>\u2013 Def.ti Perin Ettore e Ballan Vittoria \u2013 Ruffato Angelo e Alberto \u2013 Bragagnolo d. Giuseppe \u2013 <i>per le anime del Purgatorio<\/i><\/p>\n<p><b>Luned\u00ec\u00a0 17 agosto\u00a0\u00a0\u00a0\u00a0 <\/b><\/p>\n<p>Ore 19.00 S. Messa a Borgoricco<\/p>\n<p><b>Marted\u00ec 18 agosto<\/b>\u00a0\u00a0 <i>\u00a0\u00a0\u00a0\u00a0\u00a0\u00a0\u00a0\u00a0\u00a0\u00a0\u00a0\u00a0 <\/i><b>\u00a0\u00a0\u00a0\u00a0\u00a0\u00a0\u00a0<\/b><\/p>\n<p>Ore 19.00 <b>(in cimitero)<\/b>: <i>per tutti i defunti<\/i><\/p>\n<p><b>Mercoled\u00ec 19 agosto<\/b>\u00a0\u00a0\u00a0\u00a0\u00a0\u00a0\u00a0\u00a0\u00a0 \u00a0\u00a0\u00a0\u00a0\u00a0\u00a0\u00a0\u00a0\u00a0\u00a0\u00a0\u00a0<\/p>\n<p>Ore 19.00 S. Messa a Borgoricco<\/p>\n<p><b>Gioved\u00ec 20 agosto<\/b> \u00a0\u00a0\u00a0 \u00a0\u00a0\u00a0\u00a0\u00a0<\/p>\n<p>Ore 19.00: Def.ti Berlese Luciana (ann.) e Caccin Vinicio<\/p>\n<p><b>Venerd\u00ec 21 agosto <\/b><i>S. Pio X, papa<\/i><\/p>\n<p>Ore 8.30 S. Messa a Borgoricco<\/p>\n<p><b>Sabato 22 agosto<\/b> <i>B. V. Maria Regina<\/i><\/p>\n<p>Ore 19.00: Def.ti Buggin Adolfo e Luciana; Nalon Teresa e Giobatta \u2013 Milani Bianca Bruna (ann.), Gasparini Alessandro e Gasparini suor Giuliana Loide<\/p>\n<p><b>Domenica 23 agosto <\/b><b>21^ <\/b><b>del<\/b> <b>Tempo Ordinario<\/b><\/p>\n<p>Ore 8.00: <i>per la Parrocchia <\/i>\u2013 Def.ti De Lazzari Virginio e Maria \u2013 Bassi Ottavio e Agostini Bruna<\/p>\n<\/div><div ><a class=\"fusion-button button-flat fusion-button-default-size button-default fusion-button-default button-1 fusion-button-default-span fusion-button-default-type\" target=\"_self\" href=\"http:\/\/www.parrocchiasantaeufemia.it\/sito\/wp-content\/uploads\/2026\/08\/29-bollettino-9-23-agosto-2026.pdf\"><span class=\"fusion-button-text awb-button__text awb-button__text--default\">Scarica bollettino 29<\/span><\/a><\/div><\/div><\/div><\/div><\/div><\/p>\n","protected":false},"excerpt":{"rendered":"","protected":false},"author":1,"featured_media":0,"comment_status":"open","ping_status":"open","sticky":false,"template":"","format":"standard","meta":{"footnotes":""},"categories":[23],"tags":[],"class_list":["post-1318","post","type-post","status-publish","format-standard","hentry","category-bollettino-2026"],"_links":{"self":[{"href":"https:\/\/www.parrocchiasantaeufemia.it\/sito\/wp-json\/wp\/v2\/posts\/1318","targetHints":{"allow":["GET"]}}],"collection":[{"href":"https:\/\/www.parrocchiasantaeufemia.it\/sito\/wp-json\/wp\/v2\/posts"}],"about":[{"href":"https:\/\/www.parrocchiasantaeufemia.it\/sito\/wp-json\/wp\/v2\/types\/post"}],"author":[{"embeddable":true,"href":"https:\/\/www.parrocchiasantaeufemia.it\/sito\/wp-json\/wp\/v2\/users\/1"}],"replies":[{"embeddable":true,"href":"https:\/\/www.parrocchiasantaeufemia.it\/sito\/wp-json\/wp\/v2\/comments?post=1318"}],"version-history":[{"count":1,"href":"https:\/\/www.parrocchiasantaeufemia.it\/sito\/wp-json\/wp\/v2\/posts\/1318\/revisions"}],"predecessor-version":[{"id":1320,"href":"https:\/\/www.parrocchiasantaeufemia.it\/sito\/wp-json\/wp\/v2\/posts\/1318\/revisions\/1320"}],"wp:attachment":[{"href":"https:\/\/www.parrocchiasantaeufemia.it\/sito\/wp-json\/wp\/v2\/media?parent=1318"}],"wp:term":[{"taxonomy":"category","embeddable":true,"href":"https:\/\/www.parrocchiasantaeufemia.it\/sito\/wp-json\/wp\/v2\/categories?post=1318"},{"taxonomy":"post_tag","embeddable":true,"href":"https:\/\/www.parrocchiasantaeufemia.it\/sito\/wp-json\/wp\/v2\/tags?post=1318"}],"curies":[{"name":"wp","href":"https:\/\/api.w.org\/{rel}","templated":true}]}}